{"id":1,"date":"2026-04-14T09:39:20","date_gmt":"2026-04-14T09:39:20","guid":{"rendered":"https:\/\/fotofixarna.se\/?p=1"},"modified":"2026-04-14T10:32:02","modified_gmt":"2026-04-14T10:32:02","slug":"hello-world","status":"publish","type":"post","link":"https:\/\/fotofixarna.se\/index.php\/2026\/04\/14\/hello-world\/","title":{"rendered":"Restaurera gamla foton till nya foton"},"content":{"rendered":"\n<p>Ge dina gamla minnen nytt liv \u2728<\/p>\n\n\n\n<p>Har du gamla fotografier som bleknat med tiden, f\u00e5tt repor eller tappat sin sk\u00e4rpa? Vi hj\u00e4lper dig att restaurera dina bilder s\u00e5 att de k\u00e4nns som nya igen. Med noggrant arbete och modern teknik \u00e5terst\u00e4ller vi f\u00e4rger, detaljer och k\u00e4nslan i varje foto.<\/p>\n\n\n\n<p>Oavsett om det handlar om ett sl\u00e4ktportr\u00e4tt, ett barndomsminne eller en bild du inte vill f\u00f6rlora, ser vi till att det bevaras f\u00f6r framtiden.<\/p>\n\n\n\n<p class=\"has-text-align-center\">L\u00e5t dina minnen leva vidare \u2013 klarare, skarpare och vackrare \u00e4n n\u00e5gonsin.<br><br><strong><br>H\u00e4r \u00e4r ett visuellt exempel p\u00e5 vad vi g\u00f6r&#8230;<\/strong><br><\/p>\n\n\n\n<figure class=\"wp-block-gallery has-nested-images columns-default is-cropped wp-block-gallery-1 is-layout-flex wp-block-gallery-is-layout-flex\">\n<figure class=\"wp-block-image size-large\"><img loading=\"lazy\" decoding=\"async\" width=\"717\" height=\"960\" data-id=\"8\" src=\"https:\/\/fotofixarna.se\/wp-content\/uploads\/2026\/04\/651256729_26766151702970551_1411901281099702552_n.jpg\" alt=\"\" class=\"wp-image-8\" srcset=\"https:\/\/fotofixarna.se\/wp-content\/uploads\/2026\/04\/651256729_26766151702970551_1411901281099702552_n.jpg 717w, https:\/\/fotofixarna.se\/wp-content\/uploads\/2026\/04\/651256729_26766151702970551_1411901281099702552_n-224x300.jpg 224w\" sizes=\"auto, (max-width: 717px) 100vw, 717px\" \/><\/figure>\n\n\n\n<figure class=\"wp-block-image size-large\"><img loading=\"lazy\" decoding=\"async\" width=\"683\" height=\"1024\" data-id=\"9\" src=\"https:\/\/fotofixarna.se\/wp-content\/uploads\/2026\/04\/l1-683x1024.jpeg\" alt=\"\" class=\"wp-image-9\" srcset=\"https:\/\/fotofixarna.se\/wp-content\/uploads\/2026\/04\/l1-683x1024.jpeg 683w, https:\/\/fotofixarna.se\/wp-content\/uploads\/2026\/04\/l1-200x300.jpeg 200w, https:\/\/fotofixarna.se\/wp-content\/uploads\/2026\/04\/l1-768x1152.jpeg 768w, https:\/\/fotofixarna.se\/wp-content\/uploads\/2026\/04\/l1.jpeg 1024w\" sizes=\"auto, (max-width: 683px) 100vw, 683px\" \/><\/figure>\n<\/figure>\n\n\n\n<figure class=\"wp-block-gallery has-nested-images columns-default is-cropped wp-block-gallery-2 is-layout-flex wp-block-gallery-is-layout-flex\">\n<figure class=\"wp-block-image size-large\"><img loading=\"lazy\" decoding=\"async\" width=\"540\" height=\"960\" data-id=\"13\" src=\"https:\/\/fotofixarna.se\/wp-content\/uploads\/2026\/04\/75196281_2869775579701498_5410330492719333376_n.jpg\" alt=\"\" class=\"wp-image-13\" srcset=\"https:\/\/fotofixarna.se\/wp-content\/uploads\/2026\/04\/75196281_2869775579701498_5410330492719333376_n.jpg 540w, https:\/\/fotofixarna.se\/wp-content\/uploads\/2026\/04\/75196281_2869775579701498_5410330492719333376_n-169x300.jpg 169w\" sizes=\"auto, (max-width: 540px) 100vw, 540px\" \/><\/figure>\n\n\n\n<figure class=\"wp-block-image size-large\"><img loading=\"lazy\" decoding=\"async\" width=\"683\" height=\"1024\" data-id=\"14\" src=\"https:\/\/fotofixarna.se\/wp-content\/uploads\/2026\/04\/bbede4b4-a5cf-4dc9-848a-232aad8173cc-683x1024.png\" alt=\"\" class=\"wp-image-14\" srcset=\"https:\/\/fotofixarna.se\/wp-content\/uploads\/2026\/04\/bbede4b4-a5cf-4dc9-848a-232aad8173cc-683x1024.png 683w, https:\/\/fotofixarna.se\/wp-content\/uploads\/2026\/04\/bbede4b4-a5cf-4dc9-848a-232aad8173cc-200x300.png 200w, https:\/\/fotofixarna.se\/wp-content\/uploads\/2026\/04\/bbede4b4-a5cf-4dc9-848a-232aad8173cc-768x1152.png 768w, https:\/\/fotofixarna.se\/wp-content\/uploads\/2026\/04\/bbede4b4-a5cf-4dc9-848a-232aad8173cc.png 1024w\" sizes=\"auto, (max-width: 683px) 100vw, 683px\" \/><\/figure>\n<\/figure>\n","protected":false},"excerpt":{"rendered":"<p>Ge dina gamla minnen nytt liv \u2728 Har du gamla fotografier som bleknat med tiden, f\u00e5tt repor eller tappat sin<\/p>\n<p><a href=\"https:\/\/fotofixarna.se\/index.php\/2026\/04\/14\/hello-world\/\" class=\"more-link\">Forts\u00e4tt l\u00e4sa<span class=\"screen-reader-text\">Restaurera gamla foton till nya foton<\/span><\/a><\/p>\n","protected":false},"author":1,"featured_media":0,"comment_status":"open","ping_status":"open","sticky":false,"template":"","format":"standard","meta":{"footnotes":""},"categories":[2],"tags":[],"class_list":["post-1","post","type-post","status-publish","format-standard","hentry","category-information"],"_links":{"self":[{"href":"https:\/\/fotofixarna.se\/index.php\/wp-json\/wp\/v2\/posts\/1","targetHints":{"allow":["GET"]}}],"collection":[{"href":"https:\/\/fotofixarna.se\/index.php\/wp-json\/wp\/v2\/posts"}],"about":[{"href":"https:\/\/fotofixarna.se\/index.php\/wp-json\/wp\/v2\/types\/post"}],"author":[{"embeddable":true,"href":"https:\/\/fotofixarna.se\/index.php\/wp-json\/wp\/v2\/users\/1"}],"replies":[{"embeddable":true,"href":"https:\/\/fotofixarna.se\/index.php\/wp-json\/wp\/v2\/comments?post=1"}],"version-history":[{"count":3,"href":"https:\/\/fotofixarna.se\/index.php\/wp-json\/wp\/v2\/posts\/1\/revisions"}],"predecessor-version":[{"id":15,"href":"https:\/\/fotofixarna.se\/index.php\/wp-json\/wp\/v2\/posts\/1\/revisions\/15"}],"wp:attachment":[{"href":"https:\/\/fotofixarna.se\/index.php\/wp-json\/wp\/v2\/media?parent=1"}],"wp:term":[{"taxonomy":"category","embeddable":true,"href":"https:\/\/fotofixarna.se\/index.php\/wp-json\/wp\/v2\/categories?post=1"},{"taxonomy":"post_tag","embeddable":true,"href":"https:\/\/fotofixarna.se\/index.php\/wp-json\/wp\/v2\/tags?post=1"}],"curies":[{"name":"wp","href":"https:\/\/api.w.org\/{rel}","templated":true}]}}